{"id":15752,"date":"2025-09-22T19:51:28","date_gmt":"2025-09-22T19:51:28","guid":{"rendered":"https:\/\/drlawyer.com\/espanol\/?p=15752"},"modified":"2025-09-22T20:14:00","modified_gmt":"2025-09-22T20:14:00","slug":"guzman-ariza-designa-a-fabio-j-guzman-saladin-presidente-ejecutivo-en-proceso-de-transicion-de-liderazgo","status":"publish","type":"post","link":"https:\/\/drlawyer.com\/espanol\/guzman-ariza-designa-a-fabio-j-guzman-saladin-presidente-ejecutivo-en-proceso-de-transicion-de-liderazgo\/","title":{"rendered":"Guzm\u00e1n Ariza designa a Fabio J. Guzm\u00e1n Salad\u00edn presidente ejecutivo en proceso de transici\u00f3n de liderazgo"},"content":{"rendered":"<p><a href=\"https:\/\/drlawyer.com\/espanol\/wp-content\/uploads\/2025\/09\/Guzma\u0301n-Ariza-designa-a-Fabio-J.-Guzma\u0301n-Saladi\u0301n-presidente-ejecutivo-en-proceso-de-transicio\u0301n-de-liderazgo-2.jpg\"><img loading=\"lazy\" class=\"alignnone size-full wp-image-15757\" src=\"https:\/\/drlawyer.com\/espanol\/wp-content\/uploads\/2025\/09\/Guzma\u0301n-Ariza-designa-a-Fabio-J.-Guzma\u0301n-Saladi\u0301n-presidente-ejecutivo-en-proceso-de-transicio\u0301n-de-liderazgo-2.jpg\" alt=\"\" width=\"1024\" height=\"955\" srcset=\"https:\/\/drlawyer.com\/espanol\/wp-content\/uploads\/2025\/09\/Guzma\u0301n-Ariza-designa-a-Fabio-J.-Guzma\u0301n-Saladi\u0301n-presidente-ejecutivo-en-proceso-de-transicio\u0301n-de-liderazgo-2.jpg 1024w, https:\/\/drlawyer.com\/espanol\/wp-content\/uploads\/2025\/09\/Guzma\u0301n-Ariza-designa-a-Fabio-J.-Guzma\u0301n-Saladi\u0301n-presidente-ejecutivo-en-proceso-de-transicio\u0301n-de-liderazgo-2-300x280.jpg 300w, https:\/\/drlawyer.com\/espanol\/wp-content\/uploads\/2025\/09\/Guzma\u0301n-Ariza-designa-a-Fabio-J.-Guzma\u0301n-Saladi\u0301n-presidente-ejecutivo-en-proceso-de-transicio\u0301n-de-liderazgo-2-768x716.jpg 768w\" sizes=\"(max-width: 1024px) 100vw, 1024px\" \/><\/a><\/p>\n<p>&nbsp;<\/p>\n<p><strong>Santo Domingo, Rep\u00fablica Dominicana, 1 de septiembre de 2025<\/strong> \u2013 Guzm\u00e1n Ariza, Abogados y Consultores, se complace en anunciar el nombramiento de nuestro socio, Fabio J. Guzm\u00e1n Salad\u00edn, como presidente ejecutivo de la firma. En este cargo acompa\u00f1ar\u00e1 a Fabio J. Guzm\u00e1n Ariza, actual presidente, en la conducci\u00f3n del bufete durante un per\u00edodo de transici\u00f3n de dos a\u00f1os que culminar\u00e1 en 2027, a\u00f1o en que se celebrar\u00e1 el centenario de su fundaci\u00f3n.<\/p>\n<p>Al finalizar esta transici\u00f3n, Fabio J. Guzm\u00e1n Salad\u00edn asumir\u00e1 plenamente la direcci\u00f3n de la firma, mientras que Fabio J. Guzm\u00e1n Ariza pasar\u00e1 a desempe\u00f1ar las funciones de presidente de la Junta de Socios, culminando as\u00ed un proceso de sucesi\u00f3n generacional cuidadosamente planificado.<\/p>\n<p>Este proceso refleja el compromiso de Guzm\u00e1n Ariza con la continuidad, el liderazgo intergeneracional y los valores de excelencia, innovaci\u00f3n y servicio al cliente que la han distinguido durante casi un siglo.<\/p>\n<p><strong>Experiencia y credenciales de liderazgo<\/strong><\/p>\n<p>Con m\u00e1s de una d\u00e9cada al frente de la pr\u00e1ctica de derecho corporativo del bufete, Fabio J. Guzm\u00e1n Salad\u00edn ha dirigido con \u00e9xito complejas transacciones en fusiones y adquisiciones, financiamiento de proyectos, operaciones en los mercados de capital y procesos de reestructuraci\u00f3n mercantil. Su visi\u00f3n y capacidad de respuesta han sido clave para posicionar a Guzm\u00e1n Ariza como asesor de confianza tanto de inversionistas internacionales como de las principales empresas dominicanas.<\/p>\n<p>Su labor profesional ha sido reconocida por prestigiosos directorios jur\u00eddicos internacionales como Chambers &amp; Partners, The Legal 500, IFLR y Latin Lawyer, que posicionan a Guzm\u00e1n Ariza entre las firmas l\u00edderes en derecho corporativo y comercial, inmobiliario y tur\u00edstico, fusiones y adquisiciones, banca y finanzas, as\u00ed como en derecho tributario.<\/p>\n<p>M\u00e1s all\u00e1 de su ejercicio profesional dentro la firma, Fabio ha presidido la C\u00e1mara de Comercio Dom\u00ednico-Alemana y la Euroc\u00e1mara de Comercio de la Rep\u00fablica Dominicana. Actualmente se desempe\u00f1a como \u00e1rbitro en la C\u00e1mara de Comercio de Santo Domingo y mantiene una activa participaci\u00f3n en organizaciones empresariales y redes jur\u00eddicas, tanto nacionales como internacionales.<\/p>\n<p>Fabio se gradu\u00f3 summa cum laude de la Pontificia Universidad Cat\u00f3lica Madre y Maestra (PUCMM) en 2007 y obtuvo un MBA en IE Business School, en Madrid, en 2008. Adem\u00e1s de su lengua materna, el espa\u00f1ol, habla ingl\u00e9s y alem\u00e1n con fluidez.<\/p>\n<p><strong>Un siglo de excelencia<\/strong><\/p>\n<p>Esta transici\u00f3n de liderazgo marca un hito en el desarrollo institucional de Guzm\u00e1n Ariza, al reafirmar la s\u00f3lida trayectoria forjada bajo la conducci\u00f3n de don Fabio J. Guzm\u00e1n Ariza, quien ha llevado a la firma a convertirse en la m\u00e1s grande de la Rep\u00fablica Dominicana.<\/p>\n<p>La combinaci\u00f3n de su visi\u00f3n estrat\u00e9gica con la perspectiva renovada de Fabio J. Guzm\u00e1n Salad\u00edn garantiza que Guzm\u00e1n Ariza mantendr\u00e1 su posici\u00f3n de liderazgo en el mercado jur\u00eddico dominicano, al tiempo que iniciar\u00e1 su segundo siglo de historia con renovada fuerza y prop\u00f3sito.<\/p>\n<p><strong>Sobre Guzm\u00e1n Ariza<\/strong><\/p>\n<p>Fundada en 1927, Guzm\u00e1n Ariza es la firma de abogados de mayor cobertura en la Rep\u00fablica Dominicana, con diez oficinas estrat\u00e9gicamente distribuidas en todo el territorio nacional. Ofrecemos una gama completa de servicios jur\u00eddicos a trav\u00e9s de un equipo multiling\u00fce de expertos.<\/p>\n<p>A lo largo de casi 100 a\u00f1os de ejercicio profesional, Guzm\u00e1n Ariza ha construido una reputaci\u00f3n de confianza y prestigio tanto en la comunidad empresarial local como en la internacional por su compromiso con la excelencia y los resultados.<\/p>\n","protected":false},"excerpt":{"rendered":"<p>&nbsp; Santo Domingo, Rep\u00fablica Dominicana, 1 de septiembre de 2025 \u2013 Guzm\u00e1n Ariza, Abogados y Consultores, se complace en anunciar el nombramiento de nuestro socio,&hellip;<\/p>\n","protected":false},"author":1001018,"featured_media":15755,"comment_status":"closed","ping_status":"closed","sticky":false,"template":"","format":"standard","meta":[],"categories":[65,67],"tags":[],"yoast_head":"<!-- This site is optimized with the Yoast SEO plugin v17.0 - https:\/\/yoast.com\/wordpress\/plugins\/seo\/ -->\n<title>Guzm\u00e1n Ariza designa a Fabio J. Guzm\u00e1n Salad\u00edn presidente ejecutivo en proceso de transici\u00f3n de liderazgo Guzm\u00e1n Ariza | La Mejor Firma de Abogados en la Rep\u00fablica Dominicana<\/title>\n<meta name=\"description\" content=\"Guzm\u00e1n Ariza es una firma de abogados, reconocida internacionalmente, que provee asesoramiento de calidad en todas las \u00e1reas del derecho a clientes nacionales e internacionales en la Rep\u00fablica Dominicana.\" \/>\n<meta name=\"robots\" content=\"index, follow, max-snippet:-1, max-image-preview:large, max-video-preview:-1\" \/>\n<link rel=\"canonical\" href=\"https:\/\/drlawyer.com\/espanol\/guzman-ariza-designa-a-fabio-j-guzman-saladin-presidente-ejecutivo-en-proceso-de-transicion-de-liderazgo\/\" \/>\n<meta property=\"og:locale\" content=\"es_ES\" \/>\n<meta property=\"og:type\" content=\"article\" \/>\n<meta property=\"og:title\" content=\"Guzm\u00e1n Ariza designa a Fabio J. Guzm\u00e1n Salad\u00edn presidente ejecutivo en proceso de transici\u00f3n de liderazgo Guzm\u00e1n Ariza | La Mejor Firma de Abogados en la Rep\u00fablica Dominicana\" \/>\n<meta property=\"og:description\" content=\"Guzm\u00e1n Ariza es una firma de abogados, reconocida internacionalmente, que provee asesoramiento de calidad en todas las \u00e1reas del derecho a clientes nacionales e internacionales en la Rep\u00fablica Dominicana.\" \/>\n<meta property=\"og:url\" content=\"https:\/\/drlawyer.com\/espanol\/guzman-ariza-designa-a-fabio-j-guzman-saladin-presidente-ejecutivo-en-proceso-de-transicion-de-liderazgo\/\" \/>\n<meta property=\"og:site_name\" content=\"Guzm\u00e1n Ariza | La Mejor Firma de Abogados en la Rep\u00fablica Dominicana\" \/>\n<meta property=\"article:published_time\" content=\"2025-09-22T19:51:28+00:00\" \/>\n<meta property=\"article:modified_time\" content=\"2025-09-22T20:14:00+00:00\" \/>\n<meta property=\"og:image\" content=\"https:\/\/drlawyer.com\/espanol\/wp-content\/uploads\/2025\/09\/Guzma\u0301n-Ariza-designa-a-Fabio-J.-Guzma\u0301n-Saladi\u0301n-presidente-ejecutivo-en-proceso-de-transicio\u0301n-de-liderazgo-1.jpg\" \/>\n\t<meta property=\"og:image:width\" content=\"500\" \/>\n\t<meta property=\"og:image:height\" content=\"466\" \/>\n<meta name=\"twitter:label1\" content=\"Escrito por\" \/>\n\t<meta name=\"twitter:data1\" content=\"Shamir Camasta\" \/>\n\t<meta name=\"twitter:label2\" content=\"Tiempo de lectura\" \/>\n\t<meta name=\"twitter:data2\" content=\"3 minutos\" \/>\n<script type=\"application\/ld+json\" class=\"yoast-schema-graph\">{\"@context\":\"https:\/\/schema.org\",\"@graph\":[{\"@type\":\"WebSite\",\"@id\":\"https:\/\/drlawyer.com\/espanol\/#website\",\"url\":\"https:\/\/drlawyer.com\/espanol\/\",\"name\":\"Guzm\\u00e1n Ariza | La Mejor Firma de Abogados en la Rep\\u00fablica Dominicana\",\"description\":\"Guzm\\u00e1n Ariza es una firma de abogados, reconocida internacionalmente, que provee asesoramiento de calidad en todas las \\u00e1reas del derecho a clientes nacionales e internacionales en la Rep\\u00fablica Dominicana.\",\"potentialAction\":[{\"@type\":\"SearchAction\",\"target\":{\"@type\":\"EntryPoint\",\"urlTemplate\":\"https:\/\/drlawyer.com\/espanol\/?s={search_term_string}\"},\"query-input\":\"required name=search_term_string\"}],\"inLanguage\":\"es\"},{\"@type\":\"ImageObject\",\"@id\":\"https:\/\/drlawyer.com\/espanol\/guzman-ariza-designa-a-fabio-j-guzman-saladin-presidente-ejecutivo-en-proceso-de-transicion-de-liderazgo\/#primaryimage\",\"inLanguage\":\"es\",\"url\":\"https:\/\/drlawyer.com\/espanol\/wp-content\/uploads\/2025\/09\/Guzma\\u0301n-Ariza-designa-a-Fabio-J.-Guzma\\u0301n-Saladi\\u0301n-presidente-ejecutivo-en-proceso-de-transicio\\u0301n-de-liderazgo-1.jpg\",\"contentUrl\":\"https:\/\/drlawyer.com\/espanol\/wp-content\/uploads\/2025\/09\/Guzma\\u0301n-Ariza-designa-a-Fabio-J.-Guzma\\u0301n-Saladi\\u0301n-presidente-ejecutivo-en-proceso-de-transicio\\u0301n-de-liderazgo-1.jpg\",\"width\":500,\"height\":466,\"caption\":\"Guzma\\u0301n Ariza designa a Fabio J. Guzma\\u0301n Saladi\\u0301n presidente ejecutivo en proceso de transicio\\u0301n de liderazgo\"},{\"@type\":\"WebPage\",\"@id\":\"https:\/\/drlawyer.com\/espanol\/guzman-ariza-designa-a-fabio-j-guzman-saladin-presidente-ejecutivo-en-proceso-de-transicion-de-liderazgo\/#webpage\",\"url\":\"https:\/\/drlawyer.com\/espanol\/guzman-ariza-designa-a-fabio-j-guzman-saladin-presidente-ejecutivo-en-proceso-de-transicion-de-liderazgo\/\",\"name\":\"Guzm\\u00e1n Ariza designa a Fabio J. Guzm\\u00e1n Salad\\u00edn presidente ejecutivo en proceso de transici\\u00f3n de liderazgo Guzm\\u00e1n Ariza | La Mejor Firma de Abogados en la Rep\\u00fablica Dominicana\",\"isPartOf\":{\"@id\":\"https:\/\/drlawyer.com\/espanol\/#website\"},\"primaryImageOfPage\":{\"@id\":\"https:\/\/drlawyer.com\/espanol\/guzman-ariza-designa-a-fabio-j-guzman-saladin-presidente-ejecutivo-en-proceso-de-transicion-de-liderazgo\/#primaryimage\"},\"datePublished\":\"2025-09-22T19:51:28+00:00\",\"dateModified\":\"2025-09-22T20:14:00+00:00\",\"author\":{\"@id\":\"https:\/\/drlawyer.com\/espanol\/#\/schema\/person\/5e3a1f2ed0744141d05ad4e639acc2d7\"},\"description\":\"Guzm\\u00e1n Ariza es una firma de abogados, reconocida internacionalmente, que provee asesoramiento de calidad en todas las \\u00e1reas del derecho a clientes nacionales e internacionales en la Rep\\u00fablica Dominicana.\",\"breadcrumb\":{\"@id\":\"https:\/\/drlawyer.com\/espanol\/guzman-ariza-designa-a-fabio-j-guzman-saladin-presidente-ejecutivo-en-proceso-de-transicion-de-liderazgo\/#breadcrumb\"},\"inLanguage\":\"es\",\"potentialAction\":[{\"@type\":\"ReadAction\",\"target\":[\"https:\/\/drlawyer.com\/espanol\/guzman-ariza-designa-a-fabio-j-guzman-saladin-presidente-ejecutivo-en-proceso-de-transicion-de-liderazgo\/\"]}]},{\"@type\":\"BreadcrumbList\",\"@id\":\"https:\/\/drlawyer.com\/espanol\/guzman-ariza-designa-a-fabio-j-guzman-saladin-presidente-ejecutivo-en-proceso-de-transicion-de-liderazgo\/#breadcrumb\",\"itemListElement\":[{\"@type\":\"ListItem\",\"position\":1,\"name\":\"Home\",\"item\":\"https:\/\/drlawyer.com\/espanol\/\"},{\"@type\":\"ListItem\",\"position\":2,\"name\":\"Guzm\\u00e1n Ariza designa a Fabio J. Guzm\\u00e1n Salad\\u00edn presidente ejecutivo en proceso de transici\\u00f3n de liderazgo\"}]},{\"@type\":\"Person\",\"@id\":\"https:\/\/drlawyer.com\/espanol\/#\/schema\/person\/5e3a1f2ed0744141d05ad4e639acc2d7\",\"name\":\"Shamir Camasta\"}]}<\/script>\n<!-- \/ Yoast SEO plugin. -->","yoast_head_json":{"title":"Guzm\u00e1n Ariza designa a Fabio J. Guzm\u00e1n Salad\u00edn presidente ejecutivo en proceso de transici\u00f3n de liderazgo Guzm\u00e1n Ariza | La Mejor Firma de Abogados en la Rep\u00fablica Dominicana","description":"Guzm\u00e1n Ariza es una firma de abogados, reconocida internacionalmente, que provee asesoramiento de calidad en todas las \u00e1reas del derecho a clientes nacionales e internacionales en la Rep\u00fablica Dominicana.","robots":{"index":"index","follow":"follow","max-snippet":"max-snippet:-1","max-image-preview":"max-image-preview:large","max-video-preview":"max-video-preview:-1"},"canonical":"https:\/\/drlawyer.com\/espanol\/guzman-ariza-designa-a-fabio-j-guzman-saladin-presidente-ejecutivo-en-proceso-de-transicion-de-liderazgo\/","og_locale":"es_ES","og_type":"article","og_title":"Guzm\u00e1n Ariza designa a Fabio J. Guzm\u00e1n Salad\u00edn presidente ejecutivo en proceso de transici\u00f3n de liderazgo Guzm\u00e1n Ariza | La Mejor Firma de Abogados en la Rep\u00fablica Dominicana","og_description":"Guzm\u00e1n Ariza es una firma de abogados, reconocida internacionalmente, que provee asesoramiento de calidad en todas las \u00e1reas del derecho a clientes nacionales e internacionales en la Rep\u00fablica Dominicana.","og_url":"https:\/\/drlawyer.com\/espanol\/guzman-ariza-designa-a-fabio-j-guzman-saladin-presidente-ejecutivo-en-proceso-de-transicion-de-liderazgo\/","og_site_name":"Guzm\u00e1n Ariza | La Mejor Firma de Abogados en la Rep\u00fablica Dominicana","article_published_time":"2025-09-22T19:51:28+00:00","article_modified_time":"2025-09-22T20:14:00+00:00","og_image":[{"width":500,"height":466,"url":"https:\/\/drlawyer.com\/espanol\/wp-content\/uploads\/2025\/09\/Guzma\u0301n-Ariza-designa-a-Fabio-J.-Guzma\u0301n-Saladi\u0301n-presidente-ejecutivo-en-proceso-de-transicio\u0301n-de-liderazgo-1.jpg","path":"\/home\/lawyer\/public_html\/espanol\/wp-content\/uploads\/2025\/09\/Guzma\u0301n-Ariza-designa-a-Fabio-J.-Guzma\u0301n-Saladi\u0301n-presidente-ejecutivo-en-proceso-de-transicio\u0301n-de-liderazgo-1.jpg","size":"full","id":15755,"alt":"Guzma\u0301n Ariza designa a Fabio J. Guzma\u0301n Saladi\u0301n presidente ejecutivo en proceso de transicio\u0301n de liderazgo","pixels":233000,"type":"image\/jpeg"}],"twitter_misc":{"Escrito por":"Shamir Camasta","Tiempo de lectura":"3 minutos"},"schema":{"@context":"https:\/\/schema.org","@graph":[{"@type":"WebSite","@id":"https:\/\/drlawyer.com\/espanol\/#website","url":"https:\/\/drlawyer.com\/espanol\/","name":"Guzm\u00e1n Ariza | La Mejor Firma de Abogados en la Rep\u00fablica Dominicana","description":"Guzm\u00e1n Ariza es una firma de abogados, reconocida internacionalmente, que provee asesoramiento de calidad en todas las \u00e1reas del derecho a clientes nacionales e internacionales en la Rep\u00fablica Dominicana.","potentialAction":[{"@type":"SearchAction","target":{"@type":"EntryPoint","urlTemplate":"https:\/\/drlawyer.com\/espanol\/?s={search_term_string}"},"query-input":"required name=search_term_string"}],"inLanguage":"es"},{"@type":"ImageObject","@id":"https:\/\/drlawyer.com\/espanol\/guzman-ariza-designa-a-fabio-j-guzman-saladin-presidente-ejecutivo-en-proceso-de-transicion-de-liderazgo\/#primaryimage","inLanguage":"es","url":"https:\/\/drlawyer.com\/espanol\/wp-content\/uploads\/2025\/09\/Guzma\u0301n-Ariza-designa-a-Fabio-J.-Guzma\u0301n-Saladi\u0301n-presidente-ejecutivo-en-proceso-de-transicio\u0301n-de-liderazgo-1.jpg","contentUrl":"https:\/\/drlawyer.com\/espanol\/wp-content\/uploads\/2025\/09\/Guzma\u0301n-Ariza-designa-a-Fabio-J.-Guzma\u0301n-Saladi\u0301n-presidente-ejecutivo-en-proceso-de-transicio\u0301n-de-liderazgo-1.jpg","width":500,"height":466,"caption":"Guzma\u0301n Ariza designa a Fabio J. Guzma\u0301n Saladi\u0301n presidente ejecutivo en proceso de transicio\u0301n de liderazgo"},{"@type":"WebPage","@id":"https:\/\/drlawyer.com\/espanol\/guzman-ariza-designa-a-fabio-j-guzman-saladin-presidente-ejecutivo-en-proceso-de-transicion-de-liderazgo\/#webpage","url":"https:\/\/drlawyer.com\/espanol\/guzman-ariza-designa-a-fabio-j-guzman-saladin-presidente-ejecutivo-en-proceso-de-transicion-de-liderazgo\/","name":"Guzm\u00e1n Ariza designa a Fabio J. Guzm\u00e1n Salad\u00edn presidente ejecutivo en proceso de transici\u00f3n de liderazgo Guzm\u00e1n Ariza | La Mejor Firma de Abogados en la Rep\u00fablica Dominicana","isPartOf":{"@id":"https:\/\/drlawyer.com\/espanol\/#website"},"primaryImageOfPage":{"@id":"https:\/\/drlawyer.com\/espanol\/guzman-ariza-designa-a-fabio-j-guzman-saladin-presidente-ejecutivo-en-proceso-de-transicion-de-liderazgo\/#primaryimage"},"datePublished":"2025-09-22T19:51:28+00:00","dateModified":"2025-09-22T20:14:00+00:00","author":{"@id":"https:\/\/drlawyer.com\/espanol\/#\/schema\/person\/5e3a1f2ed0744141d05ad4e639acc2d7"},"description":"Guzm\u00e1n Ariza es una firma de abogados, reconocida internacionalmente, que provee asesoramiento de calidad en todas las \u00e1reas del derecho a clientes nacionales e internacionales en la Rep\u00fablica Dominicana.","breadcrumb":{"@id":"https:\/\/drlawyer.com\/espanol\/guzman-ariza-designa-a-fabio-j-guzman-saladin-presidente-ejecutivo-en-proceso-de-transicion-de-liderazgo\/#breadcrumb"},"inLanguage":"es","potentialAction":[{"@type":"ReadAction","target":["https:\/\/drlawyer.com\/espanol\/guzman-ariza-designa-a-fabio-j-guzman-saladin-presidente-ejecutivo-en-proceso-de-transicion-de-liderazgo\/"]}]},{"@type":"BreadcrumbList","@id":"https:\/\/drlawyer.com\/espanol\/guzman-ariza-designa-a-fabio-j-guzman-saladin-presidente-ejecutivo-en-proceso-de-transicion-de-liderazgo\/#breadcrumb","itemListElement":[{"@type":"ListItem","position":1,"name":"Home","item":"https:\/\/drlawyer.com\/espanol\/"},{"@type":"ListItem","position":2,"name":"Guzm\u00e1n Ariza designa a Fabio J. Guzm\u00e1n Salad\u00edn presidente ejecutivo en proceso de transici\u00f3n de liderazgo"}]},{"@type":"Person","@id":"https:\/\/drlawyer.com\/espanol\/#\/schema\/person\/5e3a1f2ed0744141d05ad4e639acc2d7","name":"Shamir Camasta"}]}},"_links":{"self":[{"href":"https:\/\/drlawyer.com\/espanol\/wp-json\/wp\/v2\/posts\/15752"}],"collection":[{"href":"https:\/\/drlawyer.com\/espanol\/wp-json\/wp\/v2\/posts"}],"about":[{"href":"https:\/\/drlawyer.com\/espanol\/wp-json\/wp\/v2\/types\/post"}],"author":[{"embeddable":true,"href":"https:\/\/drlawyer.com\/espanol\/wp-json\/wp\/v2\/users\/1001018"}],"replies":[{"embeddable":true,"href":"https:\/\/drlawyer.com\/espanol\/wp-json\/wp\/v2\/comments?post=15752"}],"version-history":[{"count":3,"href":"https:\/\/drlawyer.com\/espanol\/wp-json\/wp\/v2\/posts\/15752\/revisions"}],"predecessor-version":[{"id":15756,"href":"https:\/\/drlawyer.com\/espanol\/wp-json\/wp\/v2\/posts\/15752\/revisions\/15756"}],"wp:featuredmedia":[{"embeddable":true,"href":"https:\/\/drlawyer.com\/espanol\/wp-json\/wp\/v2\/media\/15755"}],"wp:attachment":[{"href":"https:\/\/drlawyer.com\/espanol\/wp-json\/wp\/v2\/media?parent=15752"}],"wp:term":[{"taxonomy":"category","embeddable":true,"href":"https:\/\/drlawyer.com\/espanol\/wp-json\/wp\/v2\/categories?post=15752"},{"taxonomy":"post_tag","embeddable":true,"href":"https:\/\/drlawyer.com\/espanol\/wp-json\/wp\/v2\/tags?post=15752"}],"curies":[{"name":"wp","href":"https:\/\/api.w.org\/{rel}","templated":true}]}}